{"id":13142,"date":"2024-04-22T08:00:05","date_gmt":"2024-04-22T12:00:05","guid":{"rendered":"https:\/\/blogs.shu.edu\/thediplomaticenvoy\/?p=13142"},"modified":"2024-04-22T13:31:32","modified_gmt":"2024-04-22T17:31:32","slug":"focus-diplomatic-law-conflicts-mexico-and-ecuador","status":"publish","type":"post","link":"https:\/\/blogs.shu.edu\/thediplomaticenvoy\/2024\/04\/22\/focus-diplomatic-law-conflicts-mexico-and-ecuador\/","title":{"rendered":"FOCUS on Public Diplomacy Conflicts \u2013 Mexico and Ecuador"},"content":{"rendered":"<p><b>Sofia A. Diaz\u00a0<\/b><\/p>\n<p><i><span style=\"font-weight: 400\">Staff Writer\u00a0<\/span><\/i><\/p>\n<div class=\"ose-gettyimages ose-uid-6e77cd43ba6099203a74d87ed8f02de8 ose-embedpress-responsive\" style=\"width:723px; height:623px; max-height:623px; max-width:100%; display:inline-block;\" data-embed-type=\"GettyImages\"><a id=\"w4up7fAmRaR9v6cHFk6CmA\" class=\"gie-single\" href=\"https:\/\/www.gettyimages.com\/detail\/1913161444\" target=\"_blank\" style=\"color:#a7a7a7;text-decoration:none;font-weight:normal !important;border:none;display:inline-block;\">Embed from Getty Images<\/a><script>window.gie=window.gie||function(c){(gie.q=gie.q||[]).push(c)};gie(function(){gie.widgets.load({id:\"w4up7fAmRaR9v6cHFk6CmA\",sig:\"i5_VXPHkoA5mqR5ehHU1f3d7nTlGUBDmeK7IwedM7kM=\",w:\"594px\",h:\"397px\",items:\"1913161444\",caption: false ,tld:\"com\",is360: false })});<\/script><script src=\"\/\/embed-cdn.gettyimages.com\/widgets.js\" charset=\"utf-8\" async><\/script><\/div>\n\t\t\t<script>\n\t\t\t\tif (typeof gie === 'function') {\n\t\t\t\t\tgie(function(){\n\t\t\t\t\t\tvar iframe = document.querySelector('.ose-embedpress-responsive iframe');\n\t\t\t\t\t\tif(iframe && !iframe.getAttribute('title')){\n\t\t\t\t\t\t\tiframe.setAttribute('title', '')\n\t\t\t\t\t\t}\n\t\t\t\t\t});\n\t\t\t\t}\n\t\t\t<\/script>\n\t\t\n<p><span style=\"font-weight: 400\">Tensions between Mexico and Ecuador escalated on April 5, when Ecuadorian police invaded the Mexican Embassy in Quito. Jorge Glas, the former Ecuadorian Vice President, was arrested while taking refuge in the embassy after being convicted on accounts of corruption and bribery, leading to the diplomatic ties between the two countries being suspended.\u00a0<\/span><\/p>\n<p><span style=\"font-weight: 400\">Ecuadorian police stormed the Mexican Embassy and reportedly broke through the external doors to substantiate Glas\u2019s arrest, says <\/span><a href=\"https:\/\/apnews.com\/article\/mexico-ecuador-diplomatic-crisis-de5aa3a638b54fdfa3474c8ee25ca57e\"><span style=\"font-weight: 400\">The Associated Press<\/span><\/a><span style=\"font-weight: 400\">. Glas had been seeking asylum in the embassy since December after receiving the convictions.\u00a0<\/span><\/p>\n<p><span style=\"font-weight: 400\">Alicia B\u00e1rcena, the Mexican Secretary of Foreign Relations, posted to X later that evening stating that several diplomats suffered from injuries due to the break-in. She also asserted her belief that this event was a violation of the Vienna Convention on Diplomatic Relations, The Associated Press continues.<\/span><\/p>\n<p><span style=\"font-weight: 400\">Diplomatic institutions such as embassies are protected under the Vienna Convention, as they are recognized to be part of \u2018foreign soil\u2019 and legally should not be infringed upon by the state where they are established. This protection extends as far as considering the illicit entering of law enforcement agencies to be a violation.\u00a0<\/span><\/p>\n<p><span style=\"font-weight: 400\">Mexican President Andr\u00e9s Manuel L\u00f3pez Obrador announced the breaking of diplomatic ties with Ecuador, alongside B\u00e1rcena\u2019s post on X citing the violation of the Vienna Convention. On the following Monday, the Obrador declared the immediate removal of diplomatic personnel from the embassy. He confirmed his plans to take Ecuador to the International Court of Justice (ICJ) \u201cto denounce Ecuador\u2019s responsibility for violations of international law,\u201d according to <\/span><a href=\"https:\/\/www.aljazeera.com\/news\/2024\/4\/8\/mexico-to-iran-why-are-attacks-on-embassies-so-controversial\"><span style=\"font-weight: 400\">Al Jazeera<\/span><\/a><span style=\"font-weight: 400\">.<\/span><\/p>\n<p><span style=\"font-weight: 400\">There have been many occurrences where foreign embassies have been illegally breached; however, those instances were often at the hands of insurgent groups, such as in the cases of Thailand, Indonesia, Argentina, or Libya. However, in the case of Ecuador, the event was coordinated and approved at the government level, which has led to significant international outrage.\u00a0<\/span><\/p>\n<p><span style=\"font-weight: 400\">Matthew Miller, spokesperson for the U.S. Department of State, stated that \u201cthe United States condemns any violation of the Vienna Convention on Diplomatic Relations, and takes very seriously the obligation of host countries under international law to respect the inviolability of diplomatic missions,\u201d reports <\/span><a href=\"https:\/\/abcnews.go.com\/International\/wireStory\/ecuadorian-police-break-mexican-embassy-quito-diplomatic-rift-108919670\"><span style=\"font-weight: 400\">ABC News<\/span><\/a><span style=\"font-weight: 400\">. Miller further urged the two countries to resolve the issue and attempt to rekindle diplomatic ties.<\/span><\/p>\n<p><span style=\"font-weight: 400\">Despite the substantial amount of criticism directed towards Ecuadorian authorities for their violation of the Vienna Convention and international law, there were some who declared their support for Glas\u2019s capture.<\/span><\/p>\n<p><span style=\"font-weight: 400\">On the evening of the attack, former Ecuadorian Ambassador Jorge Icaza told The Associated Press that despite his acknowledgment of the entry being illegal, he felt it was justified, later adding that it is not appropriate to provide protection to \u201ca criminal who was sanctioned by the Ecuadorian justice (system) in two very evident cases, which is also negative from the point of view of international standards.\u201d\u00a0<\/span><\/p>\n<p><span style=\"font-weight: 400\">Gabriela Sommerfeld, the current Foreign Minister of Ecuador told The Associated Press reporters on Saturday that the decision to illegally enter the embassy was made by President Daniel Noboa after exhausting measures to diplomatically solve the issue with Mexican authorities and deemed Glas to be an \u201cimminent flight risk.\u201d\u00a0<\/span><\/p>\n<p><span style=\"font-weight: 400\">Glas was transported on Saturday from the office of the attorney general in Quito to Guayaquil, where he remains in a maximum-security prison, reports <\/span><a href=\"https:\/\/www.pbs.org\/newshour\/world\/ecuadors-police-raid-on-mexican-embassy-in-quito-condemned-by-world-leaders\"><span style=\"font-weight: 400\">PBS News<\/span><\/a><span style=\"font-weight: 400\">. The former Vice President is being further investigated by authorities regarding alleged irregularities during his management of certain reconstruction efforts following the 2016 earthquake that resulted in the deaths of hundreds of Ecuadorians in addition to his conviction on charges of corruption and bribery, says ABC.<\/span><\/p>\n<p><span style=\"font-weight: 400\">Analysts are questioning whether the raid was a strategic move for political gain in an attempt to sway the upcoming election. <\/span><a href=\"https:\/\/www.nytimes.com\/2024\/04\/07\/world\/americas\/ecuador-mexico-embassy-noboa.html\"><span style=\"font-weight: 400\">The New York Times<\/span><\/a><span style=\"font-weight: 400\"> notes that President Noboa has endured flagged approval ratings amid an increase of violence just weeks before a referendum was scheduled. This referendum can affect his prospects for re-election next year. Analysts believe that Noboa\u2019s hopes for re-election could have been a driving factor for Glas\u2019s arrest.\u00a0<\/span><\/p>\n<p><span style=\"font-weight: 400\">On April 11, Mexico brought its case against Ecuador to the ICJ, asking them to issue emergency measures to secure the embassy and suspend Ecuador\u2019s membership to the United Nations until they issue a public apology for the raid. <\/span><a href=\"https:\/\/www.reuters.com\/world\/americas\/mexico-calls-un-suspend-ecuador-until-it-apologizes-embassy-raid-2024-04-11\/\"><span style=\"font-weight: 400\">Reuters<\/span><\/a><span style=\"font-weight: 400\"> reports that court filings released by the ICJ stated that \u201ca public apology recognizing its violations to the fundamental principles and norms of international law, to guarantee the reparation to the moral harm inflicted upon the United Mexican States and its affected nationals\u201d is necessary.<\/span><\/p>\n<p><span style=\"font-weight: 400\">The Mexican Embassy in Quito remained under heavy surveillance and police security after the raid and will remain heavily secured until the removal of diplomatic personnel has been completed.<\/span><\/p>\n<p>Image courtesy of <em>Getty Images<\/em><\/p>\n","protected":false},"excerpt":{"rendered":"<p>Tensions between Mexico and Ecuador escalated on April 5, when Ecuadorian police invaded the Mexican Embassy in Quito. Jorge Glas, the former Ecuadorian Vice President, was arrested while taking refuge in the embassy after being convicted on accounts of corruption and bribery, leading to the diplomatic ties between the two countries being suspended.\u00a0<\/p>\n","protected":false},"author":5638,"featured_media":0,"comment_status":"open","ping_status":"closed","sticky":false,"template":"","format":"standard","meta":{"colormag_page_container_layout":"default_layout","colormag_page_sidebar_layout":"default_layout","_monsterinsights_skip_tracking":false,"_monsterinsights_sitenote_active":false,"_monsterinsights_sitenote_note":"","_monsterinsights_sitenote_category":0,"footnotes":""},"categories":[2799,1354,5,382],"tags":[680,698,1512,2801],"class_list":["post-13142","post","type-post","status-publish","format-standard","hentry","category-april-2024","category-world","category-focus","category-international-news","tag-ecuador","tag-mexico","tag-icj","tag-police-raid"],"yoast_head":"<!-- This site is optimized with the Yoast SEO plugin v27.5 - https:\/\/yoast.com\/product\/yoast-seo-wordpress\/ -->\n<title>FOCUS on Public Diplomacy Conflicts \u2013 Mexico and Ecuador - The Diplomatic Envoy<\/title>\n<meta name=\"robots\" content=\"index, follow, max-snippet:-1, max-image-preview:large, max-video-preview:-1\" \/>\n<link rel=\"canonical\" href=\"https:\/\/blogs.shu.edu\/thediplomaticenvoy\/2024\/04\/22\/focus-diplomatic-law-conflicts-mexico-and-ecuador\/\" \/>\n<meta property=\"og:locale\" content=\"en_US\" \/>\n<meta property=\"og:type\" content=\"article\" \/>\n<meta property=\"og:title\" content=\"FOCUS on Public Diplomacy Conflicts \u2013 Mexico and Ecuador - The Diplomatic Envoy\" \/>\n<meta property=\"og:description\" content=\"Tensions between Mexico and Ecuador escalated on April 5, when Ecuadorian police invaded the Mexican Embassy in Quito. Jorge Glas, the former Ecuadorian Vice President, was arrested while taking refuge in the embassy after being convicted on accounts of corruption and bribery, leading to the diplomatic ties between the two countries being suspended.\u00a0\" \/>\n<meta property=\"og:url\" content=\"https:\/\/blogs.shu.edu\/thediplomaticenvoy\/2024\/04\/22\/focus-diplomatic-law-conflicts-mexico-and-ecuador\/\" \/>\n<meta property=\"og:site_name\" content=\"The Diplomatic Envoy\" \/>\n<meta property=\"article:published_time\" content=\"2024-04-22T12:00:05+00:00\" \/>\n<meta property=\"article:modified_time\" content=\"2024-04-22T17:31:32+00:00\" \/>\n<meta name=\"author\" content=\"Sofia Diaz\" \/>\n<meta name=\"twitter:card\" content=\"summary_large_image\" \/>\n<meta name=\"twitter:label1\" content=\"Written by\" \/>\n\t<meta name=\"twitter:data1\" content=\"Sofia Diaz\" \/>\n\t<meta name=\"twitter:label2\" content=\"Est. reading time\" \/>\n\t<meta name=\"twitter:data2\" content=\"4 minutes\" \/>\n<script type=\"application\/ld+json\" class=\"yoast-schema-graph\">{\"@context\":\"https:\\\/\\\/schema.org\",\"@graph\":[{\"@type\":\"Article\",\"@id\":\"https:\\\/\\\/blogs.shu.edu\\\/thediplomaticenvoy\\\/2024\\\/04\\\/22\\\/focus-diplomatic-law-conflicts-mexico-and-ecuador\\\/#article\",\"isPartOf\":{\"@id\":\"https:\\\/\\\/blogs.shu.edu\\\/thediplomaticenvoy\\\/2024\\\/04\\\/22\\\/focus-diplomatic-law-conflicts-mexico-and-ecuador\\\/\"},\"author\":{\"name\":\"Sofia Diaz\",\"@id\":\"https:\\\/\\\/blogs.shu.edu\\\/thediplomaticenvoy\\\/#\\\/schema\\\/person\\\/b1bf8366b03b1c12e7a38dbc36c63158\"},\"headline\":\"FOCUS on Public Diplomacy Conflicts \u2013 Mexico and Ecuador\",\"datePublished\":\"2024-04-22T12:00:05+00:00\",\"dateModified\":\"2024-04-22T17:31:32+00:00\",\"mainEntityOfPage\":{\"@id\":\"https:\\\/\\\/blogs.shu.edu\\\/thediplomaticenvoy\\\/2024\\\/04\\\/22\\\/focus-diplomatic-law-conflicts-mexico-and-ecuador\\\/\"},\"wordCount\":818,\"commentCount\":0,\"keywords\":[\"Ecuador\",\"Mexico\",\"ICJ\",\"Police raid\"],\"articleSection\":[\"April 2024\",\"World\",\"Focus\",\"International News\"],\"inLanguage\":\"en-US\",\"potentialAction\":[{\"@type\":\"CommentAction\",\"name\":\"Comment\",\"target\":[\"https:\\\/\\\/blogs.shu.edu\\\/thediplomaticenvoy\\\/2024\\\/04\\\/22\\\/focus-diplomatic-law-conflicts-mexico-and-ecuador\\\/#respond\"]}]},{\"@type\":\"WebPage\",\"@id\":\"https:\\\/\\\/blogs.shu.edu\\\/thediplomaticenvoy\\\/2024\\\/04\\\/22\\\/focus-diplomatic-law-conflicts-mexico-and-ecuador\\\/\",\"url\":\"https:\\\/\\\/blogs.shu.edu\\\/thediplomaticenvoy\\\/2024\\\/04\\\/22\\\/focus-diplomatic-law-conflicts-mexico-and-ecuador\\\/\",\"name\":\"FOCUS on Public Diplomacy Conflicts \u2013 Mexico and Ecuador - The Diplomatic Envoy\",\"isPartOf\":{\"@id\":\"https:\\\/\\\/blogs.shu.edu\\\/thediplomaticenvoy\\\/#website\"},\"datePublished\":\"2024-04-22T12:00:05+00:00\",\"dateModified\":\"2024-04-22T17:31:32+00:00\",\"author\":{\"@id\":\"https:\\\/\\\/blogs.shu.edu\\\/thediplomaticenvoy\\\/#\\\/schema\\\/person\\\/b1bf8366b03b1c12e7a38dbc36c63158\"},\"breadcrumb\":{\"@id\":\"https:\\\/\\\/blogs.shu.edu\\\/thediplomaticenvoy\\\/2024\\\/04\\\/22\\\/focus-diplomatic-law-conflicts-mexico-and-ecuador\\\/#breadcrumb\"},\"inLanguage\":\"en-US\",\"potentialAction\":[{\"@type\":\"ReadAction\",\"target\":[\"https:\\\/\\\/blogs.shu.edu\\\/thediplomaticenvoy\\\/2024\\\/04\\\/22\\\/focus-diplomatic-law-conflicts-mexico-and-ecuador\\\/\"]}]},{\"@type\":\"BreadcrumbList\",\"@id\":\"https:\\\/\\\/blogs.shu.edu\\\/thediplomaticenvoy\\\/2024\\\/04\\\/22\\\/focus-diplomatic-law-conflicts-mexico-and-ecuador\\\/#breadcrumb\",\"itemListElement\":[{\"@type\":\"ListItem\",\"position\":1,\"name\":\"Home\",\"item\":\"https:\\\/\\\/blogs.shu.edu\\\/thediplomaticenvoy\\\/\"},{\"@type\":\"ListItem\",\"position\":2,\"name\":\"FOCUS on Public Diplomacy Conflicts \u2013 Mexico and Ecuador\"}]},{\"@type\":\"WebSite\",\"@id\":\"https:\\\/\\\/blogs.shu.edu\\\/thediplomaticenvoy\\\/#website\",\"url\":\"https:\\\/\\\/blogs.shu.edu\\\/thediplomaticenvoy\\\/\",\"name\":\"The Diplomatic Envoy\",\"description\":\"Words Beyond Borders\",\"potentialAction\":[{\"@type\":\"SearchAction\",\"target\":{\"@type\":\"EntryPoint\",\"urlTemplate\":\"https:\\\/\\\/blogs.shu.edu\\\/thediplomaticenvoy\\\/?s={search_term_string}\"},\"query-input\":{\"@type\":\"PropertyValueSpecification\",\"valueRequired\":true,\"valueName\":\"search_term_string\"}}],\"inLanguage\":\"en-US\"},{\"@type\":\"Person\",\"@id\":\"https:\\\/\\\/blogs.shu.edu\\\/thediplomaticenvoy\\\/#\\\/schema\\\/person\\\/b1bf8366b03b1c12e7a38dbc36c63158\",\"name\":\"Sofia Diaz\",\"image\":{\"@type\":\"ImageObject\",\"inLanguage\":\"en-US\",\"@id\":\"https:\\\/\\\/secure.gravatar.com\\\/avatar\\\/9912a71535106717c657fea51c7587834a06b3c40a947390f34f40ec63e54110?s=96&d=mm&r=g\",\"url\":\"https:\\\/\\\/secure.gravatar.com\\\/avatar\\\/9912a71535106717c657fea51c7587834a06b3c40a947390f34f40ec63e54110?s=96&d=mm&r=g\",\"contentUrl\":\"https:\\\/\\\/secure.gravatar.com\\\/avatar\\\/9912a71535106717c657fea51c7587834a06b3c40a947390f34f40ec63e54110?s=96&d=mm&r=g\",\"caption\":\"Sofia Diaz\"},\"url\":\"https:\\\/\\\/blogs.shu.edu\\\/thediplomaticenvoy\\\/author\\\/diazsofi\\\/\"}]}<\/script>\n<!-- \/ Yoast SEO plugin. -->","yoast_head_json":{"title":"FOCUS on Public Diplomacy Conflicts \u2013 Mexico and Ecuador - The Diplomatic Envoy","robots":{"index":"index","follow":"follow","max-snippet":"max-snippet:-1","max-image-preview":"max-image-preview:large","max-video-preview":"max-video-preview:-1"},"canonical":"https:\/\/blogs.shu.edu\/thediplomaticenvoy\/2024\/04\/22\/focus-diplomatic-law-conflicts-mexico-and-ecuador\/","og_locale":"en_US","og_type":"article","og_title":"FOCUS on Public Diplomacy Conflicts \u2013 Mexico and Ecuador - The Diplomatic Envoy","og_description":"Tensions between Mexico and Ecuador escalated on April 5, when Ecuadorian police invaded the Mexican Embassy in Quito. Jorge Glas, the former Ecuadorian Vice President, was arrested while taking refuge in the embassy after being convicted on accounts of corruption and bribery, leading to the diplomatic ties between the two countries being suspended.\u00a0","og_url":"https:\/\/blogs.shu.edu\/thediplomaticenvoy\/2024\/04\/22\/focus-diplomatic-law-conflicts-mexico-and-ecuador\/","og_site_name":"The Diplomatic Envoy","article_published_time":"2024-04-22T12:00:05+00:00","article_modified_time":"2024-04-22T17:31:32+00:00","author":"Sofia Diaz","twitter_card":"summary_large_image","twitter_misc":{"Written by":"Sofia Diaz","Est. reading time":"4 minutes"},"schema":{"@context":"https:\/\/schema.org","@graph":[{"@type":"Article","@id":"https:\/\/blogs.shu.edu\/thediplomaticenvoy\/2024\/04\/22\/focus-diplomatic-law-conflicts-mexico-and-ecuador\/#article","isPartOf":{"@id":"https:\/\/blogs.shu.edu\/thediplomaticenvoy\/2024\/04\/22\/focus-diplomatic-law-conflicts-mexico-and-ecuador\/"},"author":{"name":"Sofia Diaz","@id":"https:\/\/blogs.shu.edu\/thediplomaticenvoy\/#\/schema\/person\/b1bf8366b03b1c12e7a38dbc36c63158"},"headline":"FOCUS on Public Diplomacy Conflicts \u2013 Mexico and Ecuador","datePublished":"2024-04-22T12:00:05+00:00","dateModified":"2024-04-22T17:31:32+00:00","mainEntityOfPage":{"@id":"https:\/\/blogs.shu.edu\/thediplomaticenvoy\/2024\/04\/22\/focus-diplomatic-law-conflicts-mexico-and-ecuador\/"},"wordCount":818,"commentCount":0,"keywords":["Ecuador","Mexico","ICJ","Police raid"],"articleSection":["April 2024","World","Focus","International News"],"inLanguage":"en-US","potentialAction":[{"@type":"CommentAction","name":"Comment","target":["https:\/\/blogs.shu.edu\/thediplomaticenvoy\/2024\/04\/22\/focus-diplomatic-law-conflicts-mexico-and-ecuador\/#respond"]}]},{"@type":"WebPage","@id":"https:\/\/blogs.shu.edu\/thediplomaticenvoy\/2024\/04\/22\/focus-diplomatic-law-conflicts-mexico-and-ecuador\/","url":"https:\/\/blogs.shu.edu\/thediplomaticenvoy\/2024\/04\/22\/focus-diplomatic-law-conflicts-mexico-and-ecuador\/","name":"FOCUS on Public Diplomacy Conflicts \u2013 Mexico and Ecuador - The Diplomatic Envoy","isPartOf":{"@id":"https:\/\/blogs.shu.edu\/thediplomaticenvoy\/#website"},"datePublished":"2024-04-22T12:00:05+00:00","dateModified":"2024-04-22T17:31:32+00:00","author":{"@id":"https:\/\/blogs.shu.edu\/thediplomaticenvoy\/#\/schema\/person\/b1bf8366b03b1c12e7a38dbc36c63158"},"breadcrumb":{"@id":"https:\/\/blogs.shu.edu\/thediplomaticenvoy\/2024\/04\/22\/focus-diplomatic-law-conflicts-mexico-and-ecuador\/#breadcrumb"},"inLanguage":"en-US","potentialAction":[{"@type":"ReadAction","target":["https:\/\/blogs.shu.edu\/thediplomaticenvoy\/2024\/04\/22\/focus-diplomatic-law-conflicts-mexico-and-ecuador\/"]}]},{"@type":"BreadcrumbList","@id":"https:\/\/blogs.shu.edu\/thediplomaticenvoy\/2024\/04\/22\/focus-diplomatic-law-conflicts-mexico-and-ecuador\/#breadcrumb","itemListElement":[{"@type":"ListItem","position":1,"name":"Home","item":"https:\/\/blogs.shu.edu\/thediplomaticenvoy\/"},{"@type":"ListItem","position":2,"name":"FOCUS on Public Diplomacy Conflicts \u2013 Mexico and Ecuador"}]},{"@type":"WebSite","@id":"https:\/\/blogs.shu.edu\/thediplomaticenvoy\/#website","url":"https:\/\/blogs.shu.edu\/thediplomaticenvoy\/","name":"The Diplomatic Envoy","description":"Words Beyond Borders","potentialAction":[{"@type":"SearchAction","target":{"@type":"EntryPoint","urlTemplate":"https:\/\/blogs.shu.edu\/thediplomaticenvoy\/?s={search_term_string}"},"query-input":{"@type":"PropertyValueSpecification","valueRequired":true,"valueName":"search_term_string"}}],"inLanguage":"en-US"},{"@type":"Person","@id":"https:\/\/blogs.shu.edu\/thediplomaticenvoy\/#\/schema\/person\/b1bf8366b03b1c12e7a38dbc36c63158","name":"Sofia Diaz","image":{"@type":"ImageObject","inLanguage":"en-US","@id":"https:\/\/secure.gravatar.com\/avatar\/9912a71535106717c657fea51c7587834a06b3c40a947390f34f40ec63e54110?s=96&d=mm&r=g","url":"https:\/\/secure.gravatar.com\/avatar\/9912a71535106717c657fea51c7587834a06b3c40a947390f34f40ec63e54110?s=96&d=mm&r=g","contentUrl":"https:\/\/secure.gravatar.com\/avatar\/9912a71535106717c657fea51c7587834a06b3c40a947390f34f40ec63e54110?s=96&d=mm&r=g","caption":"Sofia Diaz"},"url":"https:\/\/blogs.shu.edu\/thediplomaticenvoy\/author\/diazsofi\/"}]}},"_links":{"self":[{"href":"https:\/\/blogs.shu.edu\/thediplomaticenvoy\/wp-json\/wp\/v2\/posts\/13142","targetHints":{"allow":["GET"]}}],"collection":[{"href":"https:\/\/blogs.shu.edu\/thediplomaticenvoy\/wp-json\/wp\/v2\/posts"}],"about":[{"href":"https:\/\/blogs.shu.edu\/thediplomaticenvoy\/wp-json\/wp\/v2\/types\/post"}],"author":[{"embeddable":true,"href":"https:\/\/blogs.shu.edu\/thediplomaticenvoy\/wp-json\/wp\/v2\/users\/5638"}],"replies":[{"embeddable":true,"href":"https:\/\/blogs.shu.edu\/thediplomaticenvoy\/wp-json\/wp\/v2\/comments?post=13142"}],"version-history":[{"count":2,"href":"https:\/\/blogs.shu.edu\/thediplomaticenvoy\/wp-json\/wp\/v2\/posts\/13142\/revisions"}],"predecessor-version":[{"id":13227,"href":"https:\/\/blogs.shu.edu\/thediplomaticenvoy\/wp-json\/wp\/v2\/posts\/13142\/revisions\/13227"}],"wp:attachment":[{"href":"https:\/\/blogs.shu.edu\/thediplomaticenvoy\/wp-json\/wp\/v2\/media?parent=13142"}],"wp:term":[{"taxonomy":"category","embeddable":true,"href":"https:\/\/blogs.shu.edu\/thediplomaticenvoy\/wp-json\/wp\/v2\/categories?post=13142"},{"taxonomy":"post_tag","embeddable":true,"href":"https:\/\/blogs.shu.edu\/thediplomaticenvoy\/wp-json\/wp\/v2\/tags?post=13142"}],"curies":[{"name":"wp","href":"https:\/\/api.w.org\/{rel}","templated":true}]}}