{"id":12338,"date":"2023-04-25T11:09:31","date_gmt":"2023-04-25T15:09:31","guid":{"rendered":"https:\/\/blogs.shu.edu\/thediplomaticenvoy\/?p=12338"},"modified":"2023-04-25T11:09:31","modified_gmt":"2023-04-25T15:09:31","slug":"brazilian-president-lula-da-silvas-first-100-days","status":"publish","type":"post","link":"https:\/\/blogs.shu.edu\/thediplomaticenvoy\/2023\/04\/25\/brazilian-president-lula-da-silvas-first-100-days\/","title":{"rendered":"Brazilian President Lula da Silva\u2019s First 100 Days"},"content":{"rendered":"<p><b>Emmet Bikales<\/b><b><br \/>\n<\/b><b><i>Staff Writer<\/i><\/b><\/p>\n<p><span style=\"font-weight: 400\">After defeating far-right incumbent Jair Bolsonaro in Brazil\u2019s October 2022 election, Luiz Inacio Lula da Silva returned triumphantly to Brasilia this year to serve his third term as president. Known affectionately to his supporters as \u201cLula,\u201d the left-wing populist who previously held the presidency between 2003 and 2010 has been steadily working to undo the legacy of his predecessor, whose supporters stormed the capital complex in an attempted coup in January.\u00a0<\/span><\/p>\n<p><span style=\"font-weight: 400\">In his first 100 days back in office, Lula has pursued closer ties with China and Russia abroad, while his domestic policy has included a bevy of progressive reforms aimed at meeting the challenges of rising poverty and environmental degradation. These policies include the reactivation of policies previously initiated by his Workers\u2019 Party, including expansions to family welfare, public housing, and medical care, according to the <\/span><a href=\"https:\/\/apnews.com\/article\/lula-brazil-politics-100-hundred-days-bolsonaro-government-ada128391d4f855a5146192a50bc49a0\"><span style=\"font-weight: 400\">Associated Press<\/span><\/a><span style=\"font-weight: 400\">. Lula has also introduced new environmental protections for the Amazon rainforest and its indigenous peoples, in sharp contrast to the campaign of deregulation conducted under Bolsonaro.\u00a0<\/span><\/p>\n<p><span style=\"font-weight: 400\">Another challenge for the returning President is undoing Bolsonaro\u2019s autocratic restructuring of the Brazilian government itself. Lula has enlisted the legislature and judiciary to help him untether the pro-Bolsonaro military from politics and has proposed new fiscal rules to sort out recurring budget deficits that arose during the previous administration.<\/span><\/p>\n<p><span style=\"font-weight: 400\">Despite these promising developments, Lula\u2019s path to instituting his full agenda has been slow and difficult, according to <\/span><a href=\"https:\/\/www.aljazeera.com\/news\/2023\/4\/8\/lula-at-100-days-president-stalls-in-quest-to-reshape-brazil\"><span style=\"font-weight: 400\">Al Jazeera<\/span><\/a><span style=\"font-weight: 400\">. The President lacks a solid base in parliament, and he governs a society more jaded and conservative than when he first came to power in 2003. His political capital has been steadily diminished by an ongoing spat with Brazil\u2019s Central Bank over interest rates, minimal progress in climate initiatives, and accusations of corruption against multiple ministers in his government. In a particularly embarrassing scandal, Lula\u2019s newly appointed head of the Institutional Security Bureau was forced to resign after surveillance footage showed him participating in the January riot at the capital complex, according to <\/span><a href=\"https:\/\/www.theguardian.com\/world\/2023\/apr\/19\/lula-security-chief-brazil-goncalves-dias-resigns\"><span style=\"font-weight: 400\">the Guardian<\/span><\/a><span style=\"font-weight: 400\">. A <\/span><a href=\"https:\/\/www1.folha.uol.com.br\/internacional\/en\/brazil\/2023\/04\/datafolha-lula-has-38-approval-and-29-disapproval-same-as-bolsonaro-after-3-months-of-government.shtml\"><span style=\"font-weight: 400\">Datafolha<\/span><\/a><span style=\"font-weight: 400\"> poll showed that only 38 percent of Brazilians approved of Lula\u2019s administration, showing both the lingering popularity of Bolsonaro and cynicism regarding the extent of Lula\u2019s achievements so far.<\/span><\/p>\n<p><span style=\"font-weight: 400\">Pursuant to his foreign policy agenda, Lula has attempted to form closer diplomatic ties with China, reversing the pro-Western course charted by his predecessor, according to the <\/span><a href=\"https:\/\/apnews.com\/article\/china-brazil-lula-xi-jinping-91c34b4a9fb78f263d6f81f1e9a16f49\"><span style=\"font-weight: 400\">Associated Press<\/span><\/a><span style=\"font-weight: 400\">. In an April visit to Beijing, he signed numerous bilateral agreements with the East Asian country and repeatedly spoke of the two nations, both members of the BRICS group of developing countries, as natural partners on the world stage.\u00a0<\/span><\/p>\n<p><span style=\"font-weight: 400\">Brazil and China\u2019s strengthened ties under Lula have also extended to the economic sector. China is already Brazil\u2019s largest trade partner, with Brazil selling tens of billions of dollars of foodstuffs and natural materials to China each year. Chinese companies have also increasingly expressed interest in outsourcing industrial production to the South American country. In his recent visit to Beijing, Lula spoke of the importance that Chinese investment will play in filling the hole in Brazilian industry created by the exit of numerous American companies, according to the <\/span><a href=\"https:\/\/apnews.com\/article\/china-brazil-lula-xi-jinping-91c34b4a9fb78f263d6f81f1e9a16f49\"><span style=\"font-weight: 400\">Associated Press<\/span><\/a><span style=\"font-weight: 400\">. The two nations have also agreed to use the Chinese yuan rather than the dollar in their bilateral commerce.<\/span><\/p>\n<p><span style=\"font-weight: 400\">Lula has also attempted to cast himself as a peacemaker, proposing that neutral nations such as Brazil and China should work together to mediate a peace deal in the ongoing Russo-Ukrainian War, according to <\/span><a href=\"https:\/\/www.aljazeera.com\/news\/2023\/4\/17\/lavrov-to-meet-with-brazils-lula-as-us-fumes-over-ukraine-stance\"><span style=\"font-weight: 400\">Al Jazeera<\/span><\/a><span style=\"font-weight: 400\">. Lula has adopted a more Moscow-friendly stance than most other liberal democratic leaders. After returning from China, Lula hosted Russian Foreign Minister Sergei Lavrov in Brasilia to discuss trade between their respective countries. Last week, he suggested to journalists that Ukraine should give up its claim to Crimea to make peace with Russia and expressed that Brazil is \u201ctrying to build a group of countries without any involvement in the war, that don\u2019t want the war and defend world peace to have a discussion with both Russia and Ukraine.\u201d\u00a0<\/span><\/p>\n<p><span style=\"font-weight: 400\">This new diplomatic direction is another reversal from the policies of Bolsonaro, who eschewed China in favor of closer ties with the United States. Lula\u2019s foreign policy is rooted in the concept of \u201cSouth-South cooperation,\u201d which emphasizes diverse trade and alliances with emerging states to reduce reliance on the United States and European Union, according to <\/span><a href=\"https:\/\/thediplomat.com\/2023\/04\/lula-in-china-the-end-of-brazils-flirtation-with-the-quad-plus\/\"><span style=\"font-weight: 400\">The Diplomat<\/span><\/a><span style=\"font-weight: 400\">. Lula has repeatedly expressed that he is uninterested in involving Brazil in the rivalries between the world\u2019s most powerful states, choosing instead to form friendships based on which country is most willing to invest in Brazil\u2019s economy and infrastructure.\u00a0<\/span><\/p>\n","protected":false},"excerpt":{"rendered":"<p>In his first 100 days back in office, Lula has pursued closer ties with China and Russia abroad, while his domestic policy has included a bevy of progressive reforms aimed at meeting the challenges of rising poverty and environmental degradation.<\/p>\n","protected":false},"author":5508,"featured_media":12339,"comment_status":"open","ping_status":"closed","sticky":false,"template":"","format":"standard","meta":{"colormag_page_container_layout":"default_layout","colormag_page_sidebar_layout":"default_layout","_monsterinsights_skip_tracking":false,"_monsterinsights_sitenote_active":false,"_monsterinsights_sitenote_note":"","_monsterinsights_sitenote_category":0,"footnotes":""},"categories":[2531,7],"tags":[393,446,679,2430],"class_list":["post-12338","post","type-post","status-publish","format-standard","has-post-thumbnail","hentry","category-april-2023","category-opinion","tag-china","tag-diplomacy","tag-brazil","tag-economic-policy"],"yoast_head":"<!-- This site is optimized with the Yoast SEO plugin v27.4 - https:\/\/yoast.com\/product\/yoast-seo-wordpress\/ -->\n<title>Brazilian President Lula da Silva\u2019s First 100 Days - The Diplomatic Envoy<\/title>\n<meta name=\"robots\" content=\"index, follow, max-snippet:-1, max-image-preview:large, max-video-preview:-1\" \/>\n<link rel=\"canonical\" href=\"https:\/\/blogs.shu.edu\/thediplomaticenvoy\/2023\/04\/25\/brazilian-president-lula-da-silvas-first-100-days\/\" \/>\n<meta property=\"og:locale\" content=\"en_US\" \/>\n<meta property=\"og:type\" content=\"article\" \/>\n<meta property=\"og:title\" content=\"Brazilian President Lula da Silva\u2019s First 100 Days - The Diplomatic Envoy\" \/>\n<meta property=\"og:description\" content=\"In his first 100 days back in office, Lula has pursued closer ties with China and Russia abroad, while his domestic policy has included a bevy of progressive reforms aimed at meeting the challenges of rising poverty and environmental degradation.\" \/>\n<meta property=\"og:url\" content=\"https:\/\/blogs.shu.edu\/thediplomaticenvoy\/2023\/04\/25\/brazilian-president-lula-da-silvas-first-100-days\/\" \/>\n<meta property=\"og:site_name\" content=\"The Diplomatic Envoy\" \/>\n<meta property=\"article:published_time\" content=\"2023-04-25T15:09:31+00:00\" \/>\n<meta property=\"og:image\" content=\"https:\/\/blogs.shu.edu\/thediplomaticenvoy\/files\/2023\/04\/52666897021_b1c1839b7c_o-scaled.jpg\" \/>\n\t<meta property=\"og:image:width\" content=\"2560\" \/>\n\t<meta property=\"og:image:height\" content=\"1471\" \/>\n\t<meta property=\"og:image:type\" content=\"image\/jpeg\" \/>\n<meta name=\"author\" content=\"Emmett Bikales\" \/>\n<meta name=\"twitter:card\" content=\"summary_large_image\" \/>\n<meta name=\"twitter:label1\" content=\"Written by\" \/>\n\t<meta name=\"twitter:data1\" content=\"Emmett Bikales\" \/>\n\t<meta name=\"twitter:label2\" content=\"Est. reading time\" \/>\n\t<meta name=\"twitter:data2\" content=\"4 minutes\" \/>\n<script type=\"application\/ld+json\" class=\"yoast-schema-graph\">{\"@context\":\"https:\\\/\\\/schema.org\",\"@graph\":[{\"@type\":\"Article\",\"@id\":\"https:\\\/\\\/blogs.shu.edu\\\/thediplomaticenvoy\\\/2023\\\/04\\\/25\\\/brazilian-president-lula-da-silvas-first-100-days\\\/#article\",\"isPartOf\":{\"@id\":\"https:\\\/\\\/blogs.shu.edu\\\/thediplomaticenvoy\\\/2023\\\/04\\\/25\\\/brazilian-president-lula-da-silvas-first-100-days\\\/\"},\"author\":{\"name\":\"Emmett Bikales\",\"@id\":\"https:\\\/\\\/blogs.shu.edu\\\/thediplomaticenvoy\\\/#\\\/schema\\\/person\\\/d5f4d4b8262232f7a4c8ca969cfc261b\"},\"headline\":\"Brazilian President Lula da Silva\u2019s First 100 Days\",\"datePublished\":\"2023-04-25T15:09:31+00:00\",\"mainEntityOfPage\":{\"@id\":\"https:\\\/\\\/blogs.shu.edu\\\/thediplomaticenvoy\\\/2023\\\/04\\\/25\\\/brazilian-president-lula-da-silvas-first-100-days\\\/\"},\"wordCount\":779,\"commentCount\":0,\"image\":{\"@id\":\"https:\\\/\\\/blogs.shu.edu\\\/thediplomaticenvoy\\\/2023\\\/04\\\/25\\\/brazilian-president-lula-da-silvas-first-100-days\\\/#primaryimage\"},\"thumbnailUrl\":\"https:\\\/\\\/blogs.shu.edu\\\/thediplomaticenvoy\\\/files\\\/2023\\\/04\\\/52666897021_b1c1839b7c_o-scaled.jpg\",\"keywords\":[\"China\",\"Diplomacy\",\"Brazil\",\"Economic Policy\"],\"articleSection\":[\"April 2023\",\"Opinion\"],\"inLanguage\":\"en-US\",\"potentialAction\":[{\"@type\":\"CommentAction\",\"name\":\"Comment\",\"target\":[\"https:\\\/\\\/blogs.shu.edu\\\/thediplomaticenvoy\\\/2023\\\/04\\\/25\\\/brazilian-president-lula-da-silvas-first-100-days\\\/#respond\"]}]},{\"@type\":\"WebPage\",\"@id\":\"https:\\\/\\\/blogs.shu.edu\\\/thediplomaticenvoy\\\/2023\\\/04\\\/25\\\/brazilian-president-lula-da-silvas-first-100-days\\\/\",\"url\":\"https:\\\/\\\/blogs.shu.edu\\\/thediplomaticenvoy\\\/2023\\\/04\\\/25\\\/brazilian-president-lula-da-silvas-first-100-days\\\/\",\"name\":\"Brazilian President Lula da Silva\u2019s First 100 Days - The Diplomatic Envoy\",\"isPartOf\":{\"@id\":\"https:\\\/\\\/blogs.shu.edu\\\/thediplomaticenvoy\\\/#website\"},\"primaryImageOfPage\":{\"@id\":\"https:\\\/\\\/blogs.shu.edu\\\/thediplomaticenvoy\\\/2023\\\/04\\\/25\\\/brazilian-president-lula-da-silvas-first-100-days\\\/#primaryimage\"},\"image\":{\"@id\":\"https:\\\/\\\/blogs.shu.edu\\\/thediplomaticenvoy\\\/2023\\\/04\\\/25\\\/brazilian-president-lula-da-silvas-first-100-days\\\/#primaryimage\"},\"thumbnailUrl\":\"https:\\\/\\\/blogs.shu.edu\\\/thediplomaticenvoy\\\/files\\\/2023\\\/04\\\/52666897021_b1c1839b7c_o-scaled.jpg\",\"datePublished\":\"2023-04-25T15:09:31+00:00\",\"author\":{\"@id\":\"https:\\\/\\\/blogs.shu.edu\\\/thediplomaticenvoy\\\/#\\\/schema\\\/person\\\/d5f4d4b8262232f7a4c8ca969cfc261b\"},\"breadcrumb\":{\"@id\":\"https:\\\/\\\/blogs.shu.edu\\\/thediplomaticenvoy\\\/2023\\\/04\\\/25\\\/brazilian-president-lula-da-silvas-first-100-days\\\/#breadcrumb\"},\"inLanguage\":\"en-US\",\"potentialAction\":[{\"@type\":\"ReadAction\",\"target\":[\"https:\\\/\\\/blogs.shu.edu\\\/thediplomaticenvoy\\\/2023\\\/04\\\/25\\\/brazilian-president-lula-da-silvas-first-100-days\\\/\"]}]},{\"@type\":\"ImageObject\",\"inLanguage\":\"en-US\",\"@id\":\"https:\\\/\\\/blogs.shu.edu\\\/thediplomaticenvoy\\\/2023\\\/04\\\/25\\\/brazilian-president-lula-da-silvas-first-100-days\\\/#primaryimage\",\"url\":\"https:\\\/\\\/blogs.shu.edu\\\/thediplomaticenvoy\\\/files\\\/2023\\\/04\\\/52666897021_b1c1839b7c_o-scaled.jpg\",\"contentUrl\":\"https:\\\/\\\/blogs.shu.edu\\\/thediplomaticenvoy\\\/files\\\/2023\\\/04\\\/52666897021_b1c1839b7c_o-scaled.jpg\",\"width\":2560,\"height\":1471,\"caption\":\"03.02.2023 - Presidente da Rep\u00fablica, Luiz In\u00e1cio Lula da Silva, apresenta\u00e7\u00e3o de cartas credenciais do Embaixador da China no Brasil, Zhu Qingqiao. Sala de Audi\u00eancias, Pal\u00e1cio do Planalto, Bras\u00edlia - DF. Foto: Ricardo Stuckert\\\/PR\"},{\"@type\":\"BreadcrumbList\",\"@id\":\"https:\\\/\\\/blogs.shu.edu\\\/thediplomaticenvoy\\\/2023\\\/04\\\/25\\\/brazilian-president-lula-da-silvas-first-100-days\\\/#breadcrumb\",\"itemListElement\":[{\"@type\":\"ListItem\",\"position\":1,\"name\":\"Home\",\"item\":\"https:\\\/\\\/blogs.shu.edu\\\/thediplomaticenvoy\\\/\"},{\"@type\":\"ListItem\",\"position\":2,\"name\":\"Brazilian President Lula da Silva\u2019s First 100 Days\"}]},{\"@type\":\"WebSite\",\"@id\":\"https:\\\/\\\/blogs.shu.edu\\\/thediplomaticenvoy\\\/#website\",\"url\":\"https:\\\/\\\/blogs.shu.edu\\\/thediplomaticenvoy\\\/\",\"name\":\"The Diplomatic Envoy\",\"description\":\"Words Beyond Borders\",\"potentialAction\":[{\"@type\":\"SearchAction\",\"target\":{\"@type\":\"EntryPoint\",\"urlTemplate\":\"https:\\\/\\\/blogs.shu.edu\\\/thediplomaticenvoy\\\/?s={search_term_string}\"},\"query-input\":{\"@type\":\"PropertyValueSpecification\",\"valueRequired\":true,\"valueName\":\"search_term_string\"}}],\"inLanguage\":\"en-US\"},{\"@type\":\"Person\",\"@id\":\"https:\\\/\\\/blogs.shu.edu\\\/thediplomaticenvoy\\\/#\\\/schema\\\/person\\\/d5f4d4b8262232f7a4c8ca969cfc261b\",\"name\":\"Emmett Bikales\",\"image\":{\"@type\":\"ImageObject\",\"inLanguage\":\"en-US\",\"@id\":\"https:\\\/\\\/secure.gravatar.com\\\/avatar\\\/921ec28e84a07f2df02ec3bfa8e39c2e3d251a2d412bd47d089dab9ff78fbb1f?s=96&d=mm&r=g\",\"url\":\"https:\\\/\\\/secure.gravatar.com\\\/avatar\\\/921ec28e84a07f2df02ec3bfa8e39c2e3d251a2d412bd47d089dab9ff78fbb1f?s=96&d=mm&r=g\",\"contentUrl\":\"https:\\\/\\\/secure.gravatar.com\\\/avatar\\\/921ec28e84a07f2df02ec3bfa8e39c2e3d251a2d412bd47d089dab9ff78fbb1f?s=96&d=mm&r=g\",\"caption\":\"Emmett Bikales\"},\"url\":\"https:\\\/\\\/blogs.shu.edu\\\/thediplomaticenvoy\\\/author\\\/bikaleem\\\/\"}]}<\/script>\n<!-- \/ Yoast SEO plugin. -->","yoast_head_json":{"title":"Brazilian President Lula da Silva\u2019s First 100 Days - The Diplomatic Envoy","robots":{"index":"index","follow":"follow","max-snippet":"max-snippet:-1","max-image-preview":"max-image-preview:large","max-video-preview":"max-video-preview:-1"},"canonical":"https:\/\/blogs.shu.edu\/thediplomaticenvoy\/2023\/04\/25\/brazilian-president-lula-da-silvas-first-100-days\/","og_locale":"en_US","og_type":"article","og_title":"Brazilian President Lula da Silva\u2019s First 100 Days - The Diplomatic Envoy","og_description":"In his first 100 days back in office, Lula has pursued closer ties with China and Russia abroad, while his domestic policy has included a bevy of progressive reforms aimed at meeting the challenges of rising poverty and environmental degradation.","og_url":"https:\/\/blogs.shu.edu\/thediplomaticenvoy\/2023\/04\/25\/brazilian-president-lula-da-silvas-first-100-days\/","og_site_name":"The Diplomatic Envoy","article_published_time":"2023-04-25T15:09:31+00:00","og_image":[{"width":2560,"height":1471,"url":"https:\/\/blogs.shu.edu\/thediplomaticenvoy\/files\/2023\/04\/52666897021_b1c1839b7c_o-scaled.jpg","type":"image\/jpeg"}],"author":"Emmett Bikales","twitter_card":"summary_large_image","twitter_misc":{"Written by":"Emmett Bikales","Est. reading time":"4 minutes"},"schema":{"@context":"https:\/\/schema.org","@graph":[{"@type":"Article","@id":"https:\/\/blogs.shu.edu\/thediplomaticenvoy\/2023\/04\/25\/brazilian-president-lula-da-silvas-first-100-days\/#article","isPartOf":{"@id":"https:\/\/blogs.shu.edu\/thediplomaticenvoy\/2023\/04\/25\/brazilian-president-lula-da-silvas-first-100-days\/"},"author":{"name":"Emmett Bikales","@id":"https:\/\/blogs.shu.edu\/thediplomaticenvoy\/#\/schema\/person\/d5f4d4b8262232f7a4c8ca969cfc261b"},"headline":"Brazilian President Lula da Silva\u2019s First 100 Days","datePublished":"2023-04-25T15:09:31+00:00","mainEntityOfPage":{"@id":"https:\/\/blogs.shu.edu\/thediplomaticenvoy\/2023\/04\/25\/brazilian-president-lula-da-silvas-first-100-days\/"},"wordCount":779,"commentCount":0,"image":{"@id":"https:\/\/blogs.shu.edu\/thediplomaticenvoy\/2023\/04\/25\/brazilian-president-lula-da-silvas-first-100-days\/#primaryimage"},"thumbnailUrl":"https:\/\/blogs.shu.edu\/thediplomaticenvoy\/files\/2023\/04\/52666897021_b1c1839b7c_o-scaled.jpg","keywords":["China","Diplomacy","Brazil","Economic Policy"],"articleSection":["April 2023","Opinion"],"inLanguage":"en-US","potentialAction":[{"@type":"CommentAction","name":"Comment","target":["https:\/\/blogs.shu.edu\/thediplomaticenvoy\/2023\/04\/25\/brazilian-president-lula-da-silvas-first-100-days\/#respond"]}]},{"@type":"WebPage","@id":"https:\/\/blogs.shu.edu\/thediplomaticenvoy\/2023\/04\/25\/brazilian-president-lula-da-silvas-first-100-days\/","url":"https:\/\/blogs.shu.edu\/thediplomaticenvoy\/2023\/04\/25\/brazilian-president-lula-da-silvas-first-100-days\/","name":"Brazilian President Lula da Silva\u2019s First 100 Days - The Diplomatic Envoy","isPartOf":{"@id":"https:\/\/blogs.shu.edu\/thediplomaticenvoy\/#website"},"primaryImageOfPage":{"@id":"https:\/\/blogs.shu.edu\/thediplomaticenvoy\/2023\/04\/25\/brazilian-president-lula-da-silvas-first-100-days\/#primaryimage"},"image":{"@id":"https:\/\/blogs.shu.edu\/thediplomaticenvoy\/2023\/04\/25\/brazilian-president-lula-da-silvas-first-100-days\/#primaryimage"},"thumbnailUrl":"https:\/\/blogs.shu.edu\/thediplomaticenvoy\/files\/2023\/04\/52666897021_b1c1839b7c_o-scaled.jpg","datePublished":"2023-04-25T15:09:31+00:00","author":{"@id":"https:\/\/blogs.shu.edu\/thediplomaticenvoy\/#\/schema\/person\/d5f4d4b8262232f7a4c8ca969cfc261b"},"breadcrumb":{"@id":"https:\/\/blogs.shu.edu\/thediplomaticenvoy\/2023\/04\/25\/brazilian-president-lula-da-silvas-first-100-days\/#breadcrumb"},"inLanguage":"en-US","potentialAction":[{"@type":"ReadAction","target":["https:\/\/blogs.shu.edu\/thediplomaticenvoy\/2023\/04\/25\/brazilian-president-lula-da-silvas-first-100-days\/"]}]},{"@type":"ImageObject","inLanguage":"en-US","@id":"https:\/\/blogs.shu.edu\/thediplomaticenvoy\/2023\/04\/25\/brazilian-president-lula-da-silvas-first-100-days\/#primaryimage","url":"https:\/\/blogs.shu.edu\/thediplomaticenvoy\/files\/2023\/04\/52666897021_b1c1839b7c_o-scaled.jpg","contentUrl":"https:\/\/blogs.shu.edu\/thediplomaticenvoy\/files\/2023\/04\/52666897021_b1c1839b7c_o-scaled.jpg","width":2560,"height":1471,"caption":"03.02.2023 - Presidente da Rep\u00fablica, Luiz In\u00e1cio Lula da Silva, apresenta\u00e7\u00e3o de cartas credenciais do Embaixador da China no Brasil, Zhu Qingqiao. Sala de Audi\u00eancias, Pal\u00e1cio do Planalto, Bras\u00edlia - DF. Foto: Ricardo Stuckert\/PR"},{"@type":"BreadcrumbList","@id":"https:\/\/blogs.shu.edu\/thediplomaticenvoy\/2023\/04\/25\/brazilian-president-lula-da-silvas-first-100-days\/#breadcrumb","itemListElement":[{"@type":"ListItem","position":1,"name":"Home","item":"https:\/\/blogs.shu.edu\/thediplomaticenvoy\/"},{"@type":"ListItem","position":2,"name":"Brazilian President Lula da Silva\u2019s First 100 Days"}]},{"@type":"WebSite","@id":"https:\/\/blogs.shu.edu\/thediplomaticenvoy\/#website","url":"https:\/\/blogs.shu.edu\/thediplomaticenvoy\/","name":"The Diplomatic Envoy","description":"Words Beyond Borders","potentialAction":[{"@type":"SearchAction","target":{"@type":"EntryPoint","urlTemplate":"https:\/\/blogs.shu.edu\/thediplomaticenvoy\/?s={search_term_string}"},"query-input":{"@type":"PropertyValueSpecification","valueRequired":true,"valueName":"search_term_string"}}],"inLanguage":"en-US"},{"@type":"Person","@id":"https:\/\/blogs.shu.edu\/thediplomaticenvoy\/#\/schema\/person\/d5f4d4b8262232f7a4c8ca969cfc261b","name":"Emmett Bikales","image":{"@type":"ImageObject","inLanguage":"en-US","@id":"https:\/\/secure.gravatar.com\/avatar\/921ec28e84a07f2df02ec3bfa8e39c2e3d251a2d412bd47d089dab9ff78fbb1f?s=96&d=mm&r=g","url":"https:\/\/secure.gravatar.com\/avatar\/921ec28e84a07f2df02ec3bfa8e39c2e3d251a2d412bd47d089dab9ff78fbb1f?s=96&d=mm&r=g","contentUrl":"https:\/\/secure.gravatar.com\/avatar\/921ec28e84a07f2df02ec3bfa8e39c2e3d251a2d412bd47d089dab9ff78fbb1f?s=96&d=mm&r=g","caption":"Emmett Bikales"},"url":"https:\/\/blogs.shu.edu\/thediplomaticenvoy\/author\/bikaleem\/"}]}},"_links":{"self":[{"href":"https:\/\/blogs.shu.edu\/thediplomaticenvoy\/wp-json\/wp\/v2\/posts\/12338","targetHints":{"allow":["GET"]}}],"collection":[{"href":"https:\/\/blogs.shu.edu\/thediplomaticenvoy\/wp-json\/wp\/v2\/posts"}],"about":[{"href":"https:\/\/blogs.shu.edu\/thediplomaticenvoy\/wp-json\/wp\/v2\/types\/post"}],"author":[{"embeddable":true,"href":"https:\/\/blogs.shu.edu\/thediplomaticenvoy\/wp-json\/wp\/v2\/users\/5508"}],"replies":[{"embeddable":true,"href":"https:\/\/blogs.shu.edu\/thediplomaticenvoy\/wp-json\/wp\/v2\/comments?post=12338"}],"version-history":[{"count":1,"href":"https:\/\/blogs.shu.edu\/thediplomaticenvoy\/wp-json\/wp\/v2\/posts\/12338\/revisions"}],"predecessor-version":[{"id":12340,"href":"https:\/\/blogs.shu.edu\/thediplomaticenvoy\/wp-json\/wp\/v2\/posts\/12338\/revisions\/12340"}],"wp:featuredmedia":[{"embeddable":true,"href":"https:\/\/blogs.shu.edu\/thediplomaticenvoy\/wp-json\/wp\/v2\/media\/12339"}],"wp:attachment":[{"href":"https:\/\/blogs.shu.edu\/thediplomaticenvoy\/wp-json\/wp\/v2\/media?parent=12338"}],"wp:term":[{"taxonomy":"category","embeddable":true,"href":"https:\/\/blogs.shu.edu\/thediplomaticenvoy\/wp-json\/wp\/v2\/categories?post=12338"},{"taxonomy":"post_tag","embeddable":true,"href":"https:\/\/blogs.shu.edu\/thediplomaticenvoy\/wp-json\/wp\/v2\/tags?post=12338"}],"curies":[{"name":"wp","href":"https:\/\/api.w.org\/{rel}","templated":true}]}}