{"id":2867,"date":"2020-02-03T11:14:45","date_gmt":"2020-02-03T16:14:45","guid":{"rendered":"http:\/\/blogs.shu.edu\/libraries\/?p=2867"},"modified":"2020-02-27T08:36:52","modified_gmt":"2020-02-27T13:36:52","slug":"commemorating-the-30th-anniversary-of-the-velvet-revolution","status":"publish","type":"post","link":"https:\/\/blogs.shu.edu\/libraries\/2020\/02\/commemorating-the-30th-anniversary-of-the-velvet-revolution\/","title":{"rendered":"Commemorating the 30th Anniversary of the Velvet Revolution"},"content":{"rendered":"<p style=\"text-align: center\">#SHU_Libraries and Seton Hall University are organizing a series of events to mark the 30<sup>th<\/sup> anniversary of the Velvet Revolution in Czechoslovakia.<\/p>\n<p style=\"text-align: center\">Please visit the <strong>Velvet Revolution Online Exhibition Space<\/strong> for more information\u00a0<a href=\"https:\/\/library.shu.edu\/velvet-rev\">https:\/\/library.shu.edu\/velvet-rev<\/a><\/p>\n<p style=\"text-align: center\"><strong>~ All events are free and open to the public ~<\/strong><\/p>\n<hr \/>\n<p style=\"text-align: center\"><strong>Thursday, February 13<sup>th<\/sup> , 6:30 to\u00a08:30 p.m.<\/strong><\/p>\n<section class=\"content\" aria-label=\"news content\">\n<p dir=\"auto\" style=\"text-align: center\"><strong>Walsh Library | Ground Floor | Beck Rooms<\/strong><\/p>\n<ul>\n<li>Film\u00a0<a href=\"https:\/\/www.criterion.com\/films\/27856-the-joke\"><em>The Joke<\/em> (\u017dert)<\/a> followed by discussion led by Prof. Michelle Woods, author of <a href=\"https:\/\/setonhall.on.worldcat.org\/oclc\/63116952\"><em>Translating Milan Kundera<\/em><\/a>.<\/li>\n<li>Slavic refreshments will be served.<br \/>\n<hr \/>\n<\/li>\n<\/ul>\n<p dir=\"auto\" style=\"text-align: center\"><strong>Thursday, February\u00a027<sup>th<\/sup> , 1 to\u00a01:45 p.m.<br \/>\nCorrigan Hall 75<\/strong><\/p>\n<ul>\n<li><a id=\"CP___PAGEID=75069,denalevine.cfm,6|\" href=\"https:\/\/www.shu.edu\/profiles\/denalevine.cfm\">Dr. Dena Levine<\/a> and sophomore Abigail Pierre, in a performance of piano works by Czech composers:<\/li>\n<\/ul>\n<p style=\"padding-left: 40px\">1. Six Piano Pieces, <em>Opus 7, No. 4<\/em> (Idyll II) by Josef Suk (1874-1935)<br \/>\n2. From &#8220;On an Overgrown Path, Book II&#8221;: Andante by Leo\u0161 Jan\u00e1\u010dek (1815-1866)<br \/>\n3. Slavonic Dance, <em>Op. 72, No. 8<\/em>\u00a0in A-flat Major for four hands by Anton\u00edn Dvo\u0159\u00e1k (1841-1904)<\/p>\n<p style=\"text-align: center\"><strong>Followed by a wrap-up conversation.<\/strong><br \/>\n<strong>Bring your own lunch. Beverages will be provided.<\/strong><\/p>\n<hr \/>\n<p dir=\"auto\" style=\"text-align: center\"><strong>Thursday, February\u00a027<sup>th<\/sup> , 6:30 to\u00a07:30 p.m.<br \/>\nWalsh Library | Ground Floor | Beck Rooms<\/strong><\/p>\n<ul>\n<li>A roundtable discussion &#8220;Where Are We Now, Thirty Years After the Velvet Revolution,&#8221; followed by questions from the audience. This event will be recorded as a podcast.<\/li>\n<li>Participants: <a href=\"https:\/\/uni-koeln.academia.edu\/MaikeLehmann\/\">Maike Lehmann,<\/a> Universit\u00e4t zu K\u00f6ln, History, Faculty Member,<\/a> <a id=\"CP___PAGEID=144632,PaulChristiansen.cfm,6|\" href=\"https:\/\/www.shu.edu\/profiles\/PaulChristiansen.cfm\">Prof. Paul Christiansen<\/a>, (<a id=\"CP___PAGEID=67935,index.cfm,47|\" href=\"https:\/\/www.shu.edu\/communication-arts\/index.cfm\">Communication and the Arts<\/a>) Profs.\u00a0<a id=\"CP___PAGEID=74787,nathanielknight.cfm,6|\" href=\"https:\/\/www.shu.edu\/profiles\/nathanielknight.cfm\">Nathaniel Knight<\/a>\u00a0and\u00a0<a id=\"CP___PAGEID=75477,maximmatusevich.cfm,6|\" href=\"https:\/\/www.shu.edu\/profiles\/maximmatusevich.cfm\">Maxim Matusevich<\/a>\u00a0(<a id=\"CP___PAGEID=127381,index.cfm,147|\" href=\"https:\/\/www.shu.edu\/history\/index.cfm\">History Dept<\/a>. and REESP), and\u00a0<a id=\"CP___PAGEID=72522,MartaDeyrup.cfm,6|\" href=\"https:\/\/www.shu.edu\/profiles\/MartaDeyrup.cfm\">Prof. Marta Deyrup<\/a>\u00a0(University Libraries).<\/li>\n<li>Slavic food will be served.<br \/>\n<hr \/>\n<\/li>\n<\/ul>\n<p dir=\"auto\">This series of events has been made possible through the support by the University Libraries, the School of the Communications and the Arts, the\u00a0<a id=\"CP___PAGEID=103297,index.cfm,37|\" href=\"https:\/\/www.shu.edu\/arts-sciences\/index.cfm\">College of Arts and Sciences<\/a>, the Department of History, the\u00a0<a id=\"CP___PAGEID=127559,index.cfm,171|\" href=\"https:\/\/www.shu.edu\/russian-east-european-studies\/index.cfm\">Russian and East European Studies Program<\/a>, and the Slavic Club.<\/p>\n<\/section>\n<p style=\"text-align: center\">Please visit the <strong>Velvet Revolution Online Exhibition Space<\/strong> for more information\u00a0<a href=\"https:\/\/library.shu.edu\/velvet-rev\">https:\/\/library.shu.edu\/velvet-rev<\/a><\/p>\n","protected":false},"excerpt":{"rendered":"<p>#SHU_Libraries and Seton Hall University are organizing a series of events to mark the 30th anniversary of the Velvet Revolution in Czechoslovakia. Please visit the Velvet Revolution Online Exhibition Space for more information\u00a0https:\/\/library.shu.edu\/velvet-rev ~ All events are free and open to the public ~ Thursday, February 13th , 6:30 to\u00a08:30 p.m. Walsh Library | Ground &hellip; <a href=\"https:\/\/blogs.shu.edu\/libraries\/2020\/02\/commemorating-the-30th-anniversary-of-the-velvet-revolution\/\" class=\"more-link\">Continue reading<span class=\"screen-reader-text\"> &#8220;Commemorating the 30th Anniversary of the Velvet Revolution&#8221;<\/span><\/a><\/p>\n","protected":false},"author":531,"featured_media":2944,"comment_status":"closed","ping_status":"closed","sticky":false,"template":"","format":"standard","meta":{"_monsterinsights_skip_tracking":false,"_monsterinsights_sitenote_active":false,"_monsterinsights_sitenote_note":"","_monsterinsights_sitenote_category":0,"footnotes":""},"categories":[34,26,67],"tags":[],"class_list":["post-2867","post","type-post","status-publish","format-standard","has-post-thumbnail","hentry","category-events","category-exhibitions","category-library-news"],"_links":{"self":[{"href":"https:\/\/blogs.shu.edu\/libraries\/wp-json\/wp\/v2\/posts\/2867","targetHints":{"allow":["GET"]}}],"collection":[{"href":"https:\/\/blogs.shu.edu\/libraries\/wp-json\/wp\/v2\/posts"}],"about":[{"href":"https:\/\/blogs.shu.edu\/libraries\/wp-json\/wp\/v2\/types\/post"}],"author":[{"embeddable":true,"href":"https:\/\/blogs.shu.edu\/libraries\/wp-json\/wp\/v2\/users\/531"}],"replies":[{"embeddable":true,"href":"https:\/\/blogs.shu.edu\/libraries\/wp-json\/wp\/v2\/comments?post=2867"}],"version-history":[{"count":5,"href":"https:\/\/blogs.shu.edu\/libraries\/wp-json\/wp\/v2\/posts\/2867\/revisions"}],"predecessor-version":[{"id":2999,"href":"https:\/\/blogs.shu.edu\/libraries\/wp-json\/wp\/v2\/posts\/2867\/revisions\/2999"}],"wp:featuredmedia":[{"embeddable":true,"href":"https:\/\/blogs.shu.edu\/libraries\/wp-json\/wp\/v2\/media\/2944"}],"wp:attachment":[{"href":"https:\/\/blogs.shu.edu\/libraries\/wp-json\/wp\/v2\/media?parent=2867"}],"wp:term":[{"taxonomy":"category","embeddable":true,"href":"https:\/\/blogs.shu.edu\/libraries\/wp-json\/wp\/v2\/categories?post=2867"},{"taxonomy":"post_tag","embeddable":true,"href":"https:\/\/blogs.shu.edu\/libraries\/wp-json\/wp\/v2\/tags?post=2867"}],"curies":[{"name":"wp","href":"https:\/\/api.w.org\/{rel}","templated":true}]}}